{"id":538,"date":"2024-05-29T15:05:00","date_gmt":"2024-05-29T15:05:00","guid":{"rendered":"https:\/\/disrupt-now.org\/?p=538"},"modified":"2024-11-29T15:42:19","modified_gmt":"2024-11-29T15:42:19","slug":"porsche-stadion-wird-endlich-zum-sara-frenkel-stadion-die-zeit-des-kriegsverbrechers-ist-vorbei","status":"publish","type":"post","link":"https:\/\/disrupt-now.org\/en\/porsche-stadion-wird-endlich-zum-sara-frenkel-stadion-die-zeit-des-kriegsverbrechers-ist-vorbei\/","title":{"rendered":"Porsche-Stadion wird endlich zum Sara-Frenkel Stadion \u2013 Die Zeit des Kriegsverbrechers ist vorbei"},"content":{"rendered":"<figure class=\"wp-block-image\" id=\"block-3ab681ca-4510-4b5b-9967-25723d33bc6b\"><img loading=\"lazy\" decoding=\"async\" width=\"1024\" height=\"498\" src=\"https:\/\/disrupt-now.org\/wp-content\/uploads\/2024\/11\/Screenshot-2024-05-29-18.58.28-1024x498-1-1.png\" alt=\"This image has an empty alt attribute; its file name is Screenshot-2024-05-29-18.58.28-1024x498-1.png\" class=\"wp-image-539\" srcset=\"https:\/\/disrupt-now.org\/wp-content\/uploads\/2024\/11\/Screenshot-2024-05-29-18.58.28-1024x498-1-1.png 1024w, https:\/\/disrupt-now.org\/wp-content\/uploads\/2024\/11\/Screenshot-2024-05-29-18.58.28-1024x498-1-1-300x146.png 300w, https:\/\/disrupt-now.org\/wp-content\/uploads\/2024\/11\/Screenshot-2024-05-29-18.58.28-1024x498-1-1-768x374.png 768w\" sizes=\"auto, (max-width: 1024px) 100vw, 1024px\" \/><\/figure>\n\n\n\n<p>Die VW-Hauptversammlung ist zwar vorbei, aber die Aktionen gehen weiter. Das Porsche-Stadion wird endlich zum Sara-Frenkel Stadion \u2013 Die Zeit des Kriegsverbrechers ist vorbei<\/p>\n\n\n\n<p>Ferdinand Porsche kennen in Wolfsburg alle. Der angeblich geniale Konstrukteur wurde von Adolf Hitler 1938 in die Stadt des KdF-Wagens bei Fallersleben gerufen, um dort die Vorzeigestadt der Nazis f\u00fcr Auto und Arbeit zu machen. Das machte er nicht alleine, sondern unter Einsatz von 20.000 Zwangsarbeiter*innen. Dieser Kriegsverbrecher wird \u00fcberall in Wolfsburg geheiligt. Es gibt die Porsche-Stra\u00dfe, eine Porsche-B\u00fcste am Rathaus von Wolfsburg und eben bislang das Porsche Stadion. Im Rahmen der VW-Hauptversammlung, wo der Enkel des Kriegsverbrechers Ferdinand Porsche heute mit 53,3% die Mehrheit hat, wurde das Porsche Stadion in das Sara-Frenkel Stadion umbenannt.<\/p>\n\n\n\n<p>Wer ist Sara-Frenkel: <em>Sara Frenkel (* 28. November 1922 in Lublin, Polen; geboren als Sara Bass; h\u00e4ufig auch Sara Frenkel-Bass) ist eine j\u00fcdische Polin und ehemalige Zwangsarbeiterin in Deutschland, die sich bis heute f\u00fcr das Gedenken an damals umgekommene Kinder von Zwangsarbeiterinnen einsetzt. 1943 bis 1945 arbeitete sie im Volkswagenwerk im heutigen Wolfsburg. Sie war in der \u201eAusl\u00e4nderkinder-Pflegest\u00e4tte\u201c des VW-Werkes im Schachtweg als Krankenschwester angestellt, wo die neugeborenen Kinder der Zwangsarbeiterinnen untergebracht waren. Die hygienischen Bedingungen waren schlecht; rund 35 Kinder starben. Im Juni 1944 wurden die Kinder in das Kinderlager R\u00fchen gebracht. Bass weigerte sich wegen der ebenso katastrophalen Zust\u00e4nde, dort zu arbeiten, besuchte aber trotz des langen Fu\u00dfmarsches regelm\u00e4\u00dfig das etwa einj\u00e4hrige Kind Sofia Gladica. Fast alle Kinder starben, auch Sofia.<\/em> (Wikipedia)<\/p>\n\n\n\n<p>Eine Aktivistin sagt dazu: \u201cEs ist Zeit, dass der Kriegsverbrecher Ferdinand Porsche aus Wolfsburg verschwindet. Dieser widerliche Mythos des genialen Konstrukteurs muss begraben werden. Besonders in Zeiten des Rechtsrucks muss noch klarer als ohnehin Position bezogen. Deswegen haben wir parallel zur VW-Hauptversammlung mit dem Umbau begonnen. Antifaschismus, Konversion und Vergesellschaftung gehen Hand in Hand. Die Stadt Wolfsburg und VW m\u00fcssen Verantwortung \u00fcbernehmen. Wenn dies nicht geschieht, braucht es weitere Aktionen. Die Zeit des Kriegsverbrechers ist vorbei!\u201d<\/p>\n\n\n\n<p>Mehr Infos unter der ehemaligen Kampagnenseite wolfsburg-wird-85.info: <a href=\"https:\/\/web.archive.org\/web\/20230720153228\/https:\/\/wolfsburg-wird-85.info\/\">https:\/\/web.archive.org\/web\/20230720153228\/https:\/\/wolfsburg-wird-85.info\/<\/a><\/p>\n\n\n\n<p>Oder direkt in Buchform \u201cStephan Krull: Volksburg Wolfswagen\u201d<\/p>","protected":false},"excerpt":{"rendered":"<p>Die VW-Hauptversammlung ist zwar vorbei, aber die Aktionen gehen weiter. Das Porsche-Stadion wird endlich zum Sara-Frenkel Stadion \u2013 Die Zeit des Kriegsverbrechers ist vorbei Ferdinand Porsche kennen in Wolfsburg alle. Der angeblich geniale Konstrukteur wurde von Adolf Hitler 1938 in die Stadt des KdF-Wagens bei Fallersleben gerufen, um dort die Vorzeigestadt der Nazis f\u00fcr Auto [&hellip;]<\/p>\n","protected":false},"author":2,"featured_media":0,"comment_status":"open","ping_status":"open","sticky":false,"template":"","format":"standard","meta":{"_themeisle_gutenberg_block_has_review":false,"footnotes":""},"categories":[9],"tags":[],"class_list":["post-538","post","type-post","status-publish","format-standard","hentry","category-presse"],"blocksy_meta":[],"_links":{"self":[{"href":"https:\/\/disrupt-now.org\/en\/wp-json\/wp\/v2\/posts\/538","targetHints":{"allow":["GET"]}}],"collection":[{"href":"https:\/\/disrupt-now.org\/en\/wp-json\/wp\/v2\/posts"}],"about":[{"href":"https:\/\/disrupt-now.org\/en\/wp-json\/wp\/v2\/types\/post"}],"author":[{"embeddable":true,"href":"https:\/\/disrupt-now.org\/en\/wp-json\/wp\/v2\/users\/2"}],"replies":[{"embeddable":true,"href":"https:\/\/disrupt-now.org\/en\/wp-json\/wp\/v2\/comments?post=538"}],"version-history":[{"count":1,"href":"https:\/\/disrupt-now.org\/en\/wp-json\/wp\/v2\/posts\/538\/revisions"}],"predecessor-version":[{"id":540,"href":"https:\/\/disrupt-now.org\/en\/wp-json\/wp\/v2\/posts\/538\/revisions\/540"}],"wp:attachment":[{"href":"https:\/\/disrupt-now.org\/en\/wp-json\/wp\/v2\/media?parent=538"}],"wp:term":[{"taxonomy":"category","embeddable":true,"href":"https:\/\/disrupt-now.org\/en\/wp-json\/wp\/v2\/categories?post=538"},{"taxonomy":"post_tag","embeddable":true,"href":"https:\/\/disrupt-now.org\/en\/wp-json\/wp\/v2\/tags?post=538"}],"curies":[{"name":"wp","href":"https:\/\/api.w.org\/{rel}","templated":true}]}}